{"id":125,"date":"2011-06-28T13:12:59","date_gmt":"2011-06-28T11:12:59","guid":{"rendered":"http:\/\/www.bad-boller-roller.de\/wordpress\/?p=125"},"modified":"2011-06-28T20:49:14","modified_gmt":"2011-06-28T18:49:14","slug":"bergeles-tour-feierte-jubilaum","status":"publish","type":"post","link":"https:\/\/www.bad-boller-roller.de\/?p=125","title":{"rendered":"Bergeles-Tour feierte Jubil\u00e4um"},"content":{"rendered":"<p>Mit dabei waren nat\u00fcrlich auch die Bad Boller Roller &#8211; leider hat unsere Teilnehmerzahl nicht gereicht, um in die Gruppenwertung zu gelangen. Herzlichen Gl\u00fcckwunsch an die Diakonie-Radler, welche ihren Vorjahressieg eindrucksvoll best\u00e4tigen konnten! Daf\u00fcr greifen wir bei der Alb-Extrem wieder an.<\/p>\n<p><span style=\"text-decoration: underline;\"><a rel=\"attachment wp-att-132\" href=\"http:\/\/www.bad-boller-roller.de\/wordpress\/?attachment_id=132\"><img loading=\"lazy\" decoding=\"async\" class=\"alignnone size-full wp-image-132\" title=\"Bergelestour-Bericht\" src=\"http:\/\/www.bad-boller-roller.de\/wordpress\/wp-content\/uploads\/Bergelestour-Bericht2.jpg\" alt=\"\" width=\"341\" height=\"360\" srcset=\"https:\/\/www.bad-boller-roller.de\/wordpress\/wp-content\/uploads\/Bergelestour-Bericht2.jpg 568w, https:\/\/www.bad-boller-roller.de\/wordpress\/wp-content\/uploads\/Bergelestour-Bericht2-284x300.jpg 284w\" sizes=\"auto, (max-width: 341px) 100vw, 341px\" \/><\/a><\/span><\/p>\n<p><span style=\"text-decoration: underline;\">Pressebericht NWZ 27.06.2011<\/span><\/p>\n<p><strong>Kr\u00e4ftig in die Pedale getreten<\/strong><\/p>\n<p>Bei der mittlerweile 20. Bergelestour, die gestern Morgen in Birenbach gestartet wurde, hatten ambitionierte Radfahrer einmal mehr Gelegenheit, ihre Kr\u00e4fte zu messen oder sich auf die anstehende Alb-Extrem vorzubereiten. Der Turnverein der Schurwaldgemeinde hat wieder zwei Touren angeboten, bei denen 1600 oder 900 H\u00f6henmeter zu bew\u00e4ltigen waren. Auf alle F\u00e4lle hie\u00df es, kr\u00e4ftig in die Pedale zu treten, um die &#8222;Bergele&#8220; zu schaffen.<\/p>\n","protected":false},"excerpt":{"rendered":"<p>Mit dabei waren nat\u00fcrlich auch die Bad Boller Roller &#8211; leider hat unsere Teilnehmerzahl nicht gereicht, um in die Gruppenwertung zu gelangen. Herzlichen Gl\u00fcckwunsch an die Diakonie-Radler, welche ihren Vorjahressieg <a class=\"more-link\" href=\"https:\/\/www.bad-boller-roller.de\/?p=125\">weiterlesen &rarr;<\/a><\/p>\n","protected":false},"author":1,"featured_media":0,"comment_status":"open","ping_status":"closed","sticky":false,"template":"","format":"standard","meta":{"footnotes":""},"categories":[20],"tags":[24,23],"class_list":["post-125","post","type-post","status-publish","format-standard","hentry","category-rtf","tag-bergeles-tour","tag-birenbach"],"_links":{"self":[{"href":"https:\/\/www.bad-boller-roller.de\/index.php?rest_route=\/wp\/v2\/posts\/125","targetHints":{"allow":["GET"]}}],"collection":[{"href":"https:\/\/www.bad-boller-roller.de\/index.php?rest_route=\/wp\/v2\/posts"}],"about":[{"href":"https:\/\/www.bad-boller-roller.de\/index.php?rest_route=\/wp\/v2\/types\/post"}],"author":[{"embeddable":true,"href":"https:\/\/www.bad-boller-roller.de\/index.php?rest_route=\/wp\/v2\/users\/1"}],"replies":[{"embeddable":true,"href":"https:\/\/www.bad-boller-roller.de\/index.php?rest_route=%2Fwp%2Fv2%2Fcomments&post=125"}],"version-history":[{"count":9,"href":"https:\/\/www.bad-boller-roller.de\/index.php?rest_route=\/wp\/v2\/posts\/125\/revisions"}],"predecessor-version":[{"id":130,"href":"https:\/\/www.bad-boller-roller.de\/index.php?rest_route=\/wp\/v2\/posts\/125\/revisions\/130"}],"wp:attachment":[{"href":"https:\/\/www.bad-boller-roller.de\/index.php?rest_route=%2Fwp%2Fv2%2Fmedia&parent=125"}],"wp:term":[{"taxonomy":"category","embeddable":true,"href":"https:\/\/www.bad-boller-roller.de\/index.php?rest_route=%2Fwp%2Fv2%2Fcategories&post=125"},{"taxonomy":"post_tag","embeddable":true,"href":"https:\/\/www.bad-boller-roller.de\/index.php?rest_route=%2Fwp%2Fv2%2Ftags&post=125"}],"curies":[{"name":"wp","href":"https:\/\/api.w.org\/{rel}","templated":true}]}}