{"id":2276,"date":"2023-07-07T18:24:27","date_gmt":"2023-07-07T17:24:27","guid":{"rendered":"https:\/\/www.bad-boller-roller.de\/?p=2276"},"modified":"2023-07-07T18:24:29","modified_gmt":"2023-07-07T17:24:29","slug":"bad-boller-roller-gewinnen-die-gruppenwertung","status":"publish","type":"post","link":"https:\/\/www.bad-boller-roller.de\/?p=2276","title":{"rendered":"Bad Boller Roller gewinnen die Gruppenwertung"},"content":{"rendered":"\n<p><strong>29 x 196,55 = 1<\/strong><br \/>Auf diese zun\u00e4chst etwas seltsam anmutende Rechnung l\u00e4sst sich die Albextrem 2023 f\u00fcrs Team Bad Boller Roller bringen. 29 Fahrer, im Schnitt 196,55 Kilometer unterwegs macht Platz 1 in der Gruppenwertung! Die Bad Boller Radler konnten in den vergangenen Jahren mit einigen 2. und 3. Pl\u00e4tzen bereits mehrfach das Podium erklimmen, doch diesen \u00fcberragenden Erfolg hatte im Festzelt am Ziel des Ottenbacher Radmarathons niemand erwartet &#8211; und er war auch wirklich \u00e4u\u00dferst knapp: <\/p>\n\n\n\n<p>In der gleichrangigen Wertung nach durchschnittlicher Kilometerleistung und der Gruppengr\u00f6\u00dfe hatten die Bad Boller gerade mal einen halben Punkt Vorsprung vor dem 41-k\u00f6pfigen Team &#8222;Bosch Reutlingen und Freunde&#8220;, welches die Gesamtwertung im letzten Jahr noch f\u00fcr sich entscheiden konnte.<\/p>\n\n\n\n<figure class=\"wp-block-image size-large is-resized\"><img loading=\"lazy\" decoding=\"async\" src=\"https:\/\/www.bad-boller-roller.de\/wordpress\/wp-content\/uploads\/2023\/06\/IMG-20230626-WA0002-769x1024.jpg\" alt=\"\" class=\"wp-image-2282\" width=\"385\" height=\"512\" srcset=\"https:\/\/www.bad-boller-roller.de\/wordpress\/wp-content\/uploads\/2023\/06\/IMG-20230626-WA0002-769x1024.jpg 769w, https:\/\/www.bad-boller-roller.de\/wordpress\/wp-content\/uploads\/2023\/06\/IMG-20230626-WA0002-225x300.jpg 225w, https:\/\/www.bad-boller-roller.de\/wordpress\/wp-content\/uploads\/2023\/06\/IMG-20230626-WA0002-768x1023.jpg 768w, https:\/\/www.bad-boller-roller.de\/wordpress\/wp-content\/uploads\/2023\/06\/IMG-20230626-WA0002-1153x1536.jpg 1153w, https:\/\/www.bad-boller-roller.de\/wordpress\/wp-content\/uploads\/2023\/06\/IMG-20230626-WA0002.jpg 1537w\" sizes=\"auto, (max-width: 385px) 100vw, 385px\" \/><\/figure>\n\n\n\n<p>Ansonsten lie\u00df die 39. Auflage von AlbExtrem wiederum die Herzen der Radsport-Begeisterten h\u00f6her schlagen. 3162 Teilnehmerinnen und Teilnehmer hatte das Kaiserwetter auf die tollen Strecken entlang des Albtraufs zwischen Essingen und der Achalm bei Reutlingen gelockt. Die rundum gute Organisation, zahlreiche ehrenamtliche Helfer entlang der Strecke sowie an den f\u00fcnf \u00fcppig ausgestatteten Verpflegungsstellen lie\u00dfen keine W\u00fcnsche offen und boten den Teilnehmern ein fantastisches Erlebnis.<\/p>\n\n\n\n<p>Ein herzliches Dankesch\u00f6n allen Teilnehmern f\u00fcr Ihre gro\u00dfartigen Leistungen. Leider blieben nicht alle Fahrer von St\u00fcrzen verschont, k\u00e4mpften sich aber dennoch ins Ziel. Respekt und Chapeau!<\/p>\n\n\n\n<h5 class=\"wp-block-heading\">Traufk\u00f6nig | 300 km \u2013 6.000 HM<br \/>(1 Finisher)<\/h5>\n\n\n\n<p>Wolfgang Uhl<\/p>\n\n\n\n<h5 class=\"wp-block-heading\">XL-Marathon | 260 km \u2013 5.000 HM<br \/>(8 Finisher)<\/h5>\n\n\n\n<p>Marc Endres, Nils Kugler, Ronny Letsch, Volker Prinzing, Bonno St\u00fcrenburg, Dustin van Delden, Mirko Wiechmann, Timo Wiechmann<\/p>\n\n\n\n<h5 class=\"wp-block-heading\">Marathon | 200 km \u2013 3.600 HM<br \/>(10 Finisher)<\/h5>\n\n\n\n<p>Konstantin Gairing, Matthias Kaiser, Manfred Koch, Andreas Milde, Hans R\u00f6sch, Eckhart Seifart, Felix Steinle, Ralf Vatter, Marco Zimmermann, Michael Zimmermann<\/p>\n\n\n\n<h5 class=\"wp-block-heading\">RTF | 160 km \u2013 2.700 HM<br \/>(6 Finisher)<\/h5>\n\n\n\n<p>Michael Binder, Palmiro Desiderio, Harry Mayer, Frank Osswald, Kevin R\u00f6sch, Wolfgang Seybold<\/p>\n\n\n\n<h5 class=\"wp-block-heading\">ALB@easy | 90 km \u2013 1.400 HM<br \/>(4 Finisher)<\/h5>\n\n\n\n<p>Sebastian Albuschat, Achim Dettenrieder, G\u00fcnter Jauss, Wolfgang Sigle<\/p>\n","protected":false},"excerpt":{"rendered":"<p>29 x 196,55 = 1Auf diese zun\u00e4chst etwas seltsam anmutende Rechnung l\u00e4sst sich die Albextrem 2023 f\u00fcrs Team Bad Boller Roller bringen. 29 Fahrer, im Schnitt 196,55 Kilometer unterwegs macht <a class=\"more-link\" href=\"https:\/\/www.bad-boller-roller.de\/?p=2276\">weiterlesen &rarr;<\/a><\/p>\n","protected":false},"author":1,"featured_media":0,"comment_status":"open","ping_status":"closed","sticky":false,"template":"","format":"standard","meta":{"footnotes":""},"categories":[18,25,20],"tags":[35,15,19],"class_list":["post-2276","post","type-post","status-publish","format-standard","hentry","category-albextrem","category-erfolge","category-rtf","tag-albextrem","tag-bad-boller-roller","tag-radmarathon"],"_links":{"self":[{"href":"https:\/\/www.bad-boller-roller.de\/index.php?rest_route=\/wp\/v2\/posts\/2276","targetHints":{"allow":["GET"]}}],"collection":[{"href":"https:\/\/www.bad-boller-roller.de\/index.php?rest_route=\/wp\/v2\/posts"}],"about":[{"href":"https:\/\/www.bad-boller-roller.de\/index.php?rest_route=\/wp\/v2\/types\/post"}],"author":[{"embeddable":true,"href":"https:\/\/www.bad-boller-roller.de\/index.php?rest_route=\/wp\/v2\/users\/1"}],"replies":[{"embeddable":true,"href":"https:\/\/www.bad-boller-roller.de\/index.php?rest_route=%2Fwp%2Fv2%2Fcomments&post=2276"}],"version-history":[{"count":9,"href":"https:\/\/www.bad-boller-roller.de\/index.php?rest_route=\/wp\/v2\/posts\/2276\/revisions"}],"predecessor-version":[{"id":2288,"href":"https:\/\/www.bad-boller-roller.de\/index.php?rest_route=\/wp\/v2\/posts\/2276\/revisions\/2288"}],"wp:attachment":[{"href":"https:\/\/www.bad-boller-roller.de\/index.php?rest_route=%2Fwp%2Fv2%2Fmedia&parent=2276"}],"wp:term":[{"taxonomy":"category","embeddable":true,"href":"https:\/\/www.bad-boller-roller.de\/index.php?rest_route=%2Fwp%2Fv2%2Fcategories&post=2276"},{"taxonomy":"post_tag","embeddable":true,"href":"https:\/\/www.bad-boller-roller.de\/index.php?rest_route=%2Fwp%2Fv2%2Ftags&post=2276"}],"curies":[{"name":"wp","href":"https:\/\/api.w.org\/{rel}","templated":true}]}}